{"id":4971,"date":"2016-11-03T10:50:31","date_gmt":"2016-11-03T09:50:31","guid":{"rendered":"http:\/\/www.elizabethdeportzamparc.com\/fr\/?p=4971"},"modified":"2018-09-24T15:27:52","modified_gmt":"2018-09-24T14:27:52","slug":"intervention-delizabeth-de-portzamparc-lors-de-la-conference-elig-learning-places-of-the-future-le-3-novembre-2016","status":"publish","type":"post","link":"https:\/\/www.2pedp.com\/fr\/2016\/11\/intervention-delizabeth-de-portzamparc-lors-de-la-conference-elig-learning-places-of-the-future-le-3-novembre-2016\/","title":{"rendered":"Intervention d&rsquo;Elizabeth de Portzamparc lors de la conf\u00e9rence ELIG &#8211; Learning Places of the Future le 3 novembre 2016"},"content":{"rendered":"<div class=\"row\">\n<div class=\"blk \">\n\t\t<img width=\"1080\" height=\"265\" src=\"http:\/\/www.elizabethdeportzamparc.com\/wp-content\/uploads\/2016\/10\/elig_vignette--1080x265.jpg\" class=\"attachment-full-row size-full-row\" alt=\"\" srcset=\"http:\/\/www.elizabethdeportzamparc.com\/wp-content\/uploads\/2016\/10\/elig_vignette--1080x265.jpg 1080w, http:\/\/www.elizabethdeportzamparc.com\/wp-content\/uploads\/2016\/10\/elig_vignette--300x74.jpg 300w, http:\/\/www.elizabethdeportzamparc.com\/wp-content\/uploads\/2016\/10\/elig_vignette--768x188.jpg 768w, http:\/\/www.elizabethdeportzamparc.com\/wp-content\/uploads\/2016\/10\/elig_vignette--1024x251.jpg 1024w, http:\/\/www.elizabethdeportzamparc.com\/wp-content\/uploads\/2016\/10\/elig_vignette--740x181.jpg 740w, http:\/\/www.elizabethdeportzamparc.com\/wp-content\/uploads\/2016\/10\/elig_vignette--630x154.jpg 630w, http:\/\/www.elizabethdeportzamparc.com\/wp-content\/uploads\/2016\/10\/elig_vignette--525x129.jpg 525w, http:\/\/www.elizabethdeportzamparc.com\/wp-content\/uploads\/2016\/10\/elig_vignette--415x102.jpg 415w\" sizes=\"(max-width: 1080px) 100vw, 1080px\" \/>\t<\/div>\n<\/div>\n<div class=\"row w2col rev xs\">\n<div class=\"blk col c1\">\n\t\t\t<\/div>\n<div class=\"blk col c2\">\n<p>Les 3 et 4 novembre\u00a0 2016 aura lieu la Conf\u00e9rence ELIG &#8211; Learning Places of the Future, qui sera un lieu de discussion sur l&rsquo;avenir des espaces d&rsquo;apprentissage en Europe. 16 personnalit\u00e9s des mondes de la politique, de la culture, de l&rsquo;\u00e9ducation, de la technologie et des arts participeront aux tables-rondes.<\/p>\n<p>Elizabeth de Portzamparc interviendra le jeudi 3 \u00e0 11h sur le th\u00e8me \u00ab\u00a0Une architecture ouverte et connect\u00e9e : la d\u00e9sacralisation et le d\u00e9cloisonnement des espaces d&rsquo;apprentissage\u00a0\u00bb.<\/p>\n<p>La conf\u00e9rence aura lieu \u00e0 la Maison des Sciences de l&rsquo;Homme Paris Nord : 20, av. George Sand 93210 &#8211; Saint-Denis la Plaine.<\/p>\n<p><a href=\"http:\/\/www.elizabethdeportzamparc.com\/wp-content\/uploads\/2016\/10\/elig16_ac16_program_fr.pdf\" target=\"_blank\" rel=\"noopener\">Cliquez ici<\/a> pour voir le programme complet de la conf\u00e9rence.<\/p>\n<\/p><\/div>\n<\/div>\n","protected":false},"excerpt":{"rendered":"<p>Les 3 et 4 novembre\u00a0 2016 aura lieu la Conf\u00e9rence ELIG &#8211; Learning Places of the Future, qui sera un lieu de discussion sur l&rsquo;avenir des espaces d&rsquo;apprentissage en Europe. 16 personnalit\u00e9s des mondes de la politique, de la culture, de l&rsquo;\u00e9ducation, de la technologie et des arts participeront aux tables-rondes. Elizabeth de Portzamparc interviendra [&hellip;]<\/p>\n","protected":false},"author":8,"featured_media":4970,"comment_status":"closed","ping_status":"closed","sticky":false,"template":"","format":"standard","meta":[],"categories":[14,5],"tags":[],"yoast_head":"<!-- This site is optimized with the Yoast SEO plugin v19.13 - https:\/\/yoast.com\/wordpress\/plugins\/seo\/ -->\n<title>Intervention d&#039;Elizabeth de Portzamparc lors de la conf\u00e9rence ELIG - Learning Places of the Future le 3 novembre 2016 - Elizabeth de Portzamparc<\/title>\n<meta name=\"robots\" content=\"noindex, follow, max-snippet:-1, max-image-preview:large, max-video-preview:-1\" \/>\n<meta property=\"og:locale\" content=\"fr_FR\" \/>\n<meta property=\"og:type\" content=\"article\" \/>\n<meta property=\"og:title\" content=\"Intervention d&#039;Elizabeth de Portzamparc lors de la conf\u00e9rence ELIG - Learning Places of the Future le 3 novembre 2016 - Elizabeth de Portzamparc\" \/>\n<meta property=\"og:description\" content=\"Les 3 et 4 novembre\u00a0 2016 aura lieu la Conf\u00e9rence ELIG &#8211; Learning Places of the Future, qui sera un lieu de discussion sur l&rsquo;avenir des espaces d&rsquo;apprentissage en Europe. 16 personnalit\u00e9s des mondes de la politique, de la culture, de l&rsquo;\u00e9ducation, de la technologie et des arts participeront aux tables-rondes. Elizabeth de Portzamparc interviendra [&hellip;]\" \/>\n<meta property=\"og:url\" content=\"https:\/\/www.2pedp.com\/fr\/2016\/11\/intervention-delizabeth-de-portzamparc-lors-de-la-conference-elig-learning-places-of-the-future-le-3-novembre-2016\/\" \/>\n<meta property=\"og:site_name\" content=\"Elizabeth de Portzamparc\" \/>\n<meta property=\"article:published_time\" content=\"2016-11-03T09:50:31+00:00\" \/>\n<meta property=\"article:modified_time\" content=\"2018-09-24T14:27:52+00:00\" \/>\n<meta property=\"og:image\" content=\"https:\/\/www.2pedp.com\/wp-content\/uploads\/2016\/10\/elig.jpg\" \/>\n\t<meta property=\"og:image:width\" content=\"520\" \/>\n\t<meta property=\"og:image:height\" content=\"470\" \/>\n\t<meta property=\"og:image:type\" content=\"image\/jpeg\" \/>\n<meta name=\"author\" content=\"Tomi Bequet\" \/>\n<meta name=\"twitter:card\" content=\"summary_large_image\" \/>\n<meta name=\"twitter:label1\" content=\"\u00c9crit par\" \/>\n\t<meta name=\"twitter:data1\" content=\"Tomi Bequet\" \/>\n\t<meta name=\"twitter:label2\" content=\"Dur\u00e9e de lecture estim\u00e9e\" \/>\n\t<meta name=\"twitter:data2\" content=\"1 minute\" \/>\n<script type=\"application\/ld+json\" class=\"yoast-schema-graph\">{\"@context\":\"https:\/\/schema.org\",\"@graph\":[{\"@type\":\"WebPage\",\"@id\":\"https:\/\/www.2pedp.com\/fr\/2016\/11\/intervention-delizabeth-de-portzamparc-lors-de-la-conference-elig-learning-places-of-the-future-le-3-novembre-2016\/\",\"url\":\"https:\/\/www.2pedp.com\/fr\/2016\/11\/intervention-delizabeth-de-portzamparc-lors-de-la-conference-elig-learning-places-of-the-future-le-3-novembre-2016\/\",\"name\":\"Intervention d'Elizabeth de Portzamparc lors de la conf\u00e9rence ELIG - Learning Places of the Future le 3 novembre 2016 - Elizabeth de Portzamparc\",\"isPartOf\":{\"@id\":\"https:\/\/www.2pedp.com\/fr\/#website\"},\"datePublished\":\"2016-11-03T09:50:31+00:00\",\"dateModified\":\"2018-09-24T14:27:52+00:00\",\"author\":{\"@id\":\"https:\/\/www.2pedp.com\/fr\/#\/schema\/person\/7b9b4b4d9a6852516c5ab826145d5df4\"},\"breadcrumb\":{\"@id\":\"https:\/\/www.2pedp.com\/fr\/2016\/11\/intervention-delizabeth-de-portzamparc-lors-de-la-conference-elig-learning-places-of-the-future-le-3-novembre-2016\/#breadcrumb\"},\"inLanguage\":\"fr-FR\",\"potentialAction\":[{\"@type\":\"ReadAction\",\"target\":[\"https:\/\/www.2pedp.com\/fr\/2016\/11\/intervention-delizabeth-de-portzamparc-lors-de-la-conference-elig-learning-places-of-the-future-le-3-novembre-2016\/\"]}]},{\"@type\":\"BreadcrumbList\",\"@id\":\"https:\/\/www.2pedp.com\/fr\/2016\/11\/intervention-delizabeth-de-portzamparc-lors-de-la-conference-elig-learning-places-of-the-future-le-3-novembre-2016\/#breadcrumb\",\"itemListElement\":[{\"@type\":\"ListItem\",\"position\":1,\"name\":\"Accueil\",\"item\":\"https:\/\/www.2pedp.com\/fr\/\"},{\"@type\":\"ListItem\",\"position\":2,\"name\":\"Intervention d&rsquo;Elizabeth de Portzamparc lors de la conf\u00e9rence ELIG &#8211; Learning Places of the Future le 3 novembre 2016\"}]},{\"@type\":\"WebSite\",\"@id\":\"https:\/\/www.2pedp.com\/fr\/#website\",\"url\":\"https:\/\/www.2pedp.com\/fr\/\",\"name\":\"Elizabeth de Portzamparc\",\"description\":\"\",\"potentialAction\":[{\"@type\":\"SearchAction\",\"target\":{\"@type\":\"EntryPoint\",\"urlTemplate\":\"https:\/\/www.2pedp.com\/fr\/?s={search_term_string}\"},\"query-input\":\"required name=search_term_string\"}],\"inLanguage\":\"fr-FR\"},{\"@type\":\"Person\",\"@id\":\"https:\/\/www.2pedp.com\/fr\/#\/schema\/person\/7b9b4b4d9a6852516c5ab826145d5df4\",\"name\":\"Tomi Bequet\",\"image\":{\"@type\":\"ImageObject\",\"inLanguage\":\"fr-FR\",\"@id\":\"https:\/\/www.2pedp.com\/fr\/#\/schema\/person\/image\/\",\"url\":\"https:\/\/secure.gravatar.com\/avatar\/537d847418b1b30b416c0500c369e0ad?s=96&d=mm&r=g\",\"contentUrl\":\"https:\/\/secure.gravatar.com\/avatar\/537d847418b1b30b416c0500c369e0ad?s=96&d=mm&r=g\",\"caption\":\"Tomi Bequet\"},\"url\":\"https:\/\/www.2pedp.com\/fr\/author\/studiotomi\/\"}]}<\/script>\n<!-- \/ Yoast SEO plugin. -->","yoast_head_json":{"title":"Intervention d'Elizabeth de Portzamparc lors de la conf\u00e9rence ELIG - Learning Places of the Future le 3 novembre 2016 - Elizabeth de Portzamparc","robots":{"index":"noindex","follow":"follow","max-snippet":"max-snippet:-1","max-image-preview":"max-image-preview:large","max-video-preview":"max-video-preview:-1"},"og_locale":"fr_FR","og_type":"article","og_title":"Intervention d'Elizabeth de Portzamparc lors de la conf\u00e9rence ELIG - Learning Places of the Future le 3 novembre 2016 - Elizabeth de Portzamparc","og_description":"Les 3 et 4 novembre\u00a0 2016 aura lieu la Conf\u00e9rence ELIG &#8211; Learning Places of the Future, qui sera un lieu de discussion sur l&rsquo;avenir des espaces d&rsquo;apprentissage en Europe. 16 personnalit\u00e9s des mondes de la politique, de la culture, de l&rsquo;\u00e9ducation, de la technologie et des arts participeront aux tables-rondes. Elizabeth de Portzamparc interviendra [&hellip;]","og_url":"https:\/\/www.2pedp.com\/fr\/2016\/11\/intervention-delizabeth-de-portzamparc-lors-de-la-conference-elig-learning-places-of-the-future-le-3-novembre-2016\/","og_site_name":"Elizabeth de Portzamparc","article_published_time":"2016-11-03T09:50:31+00:00","article_modified_time":"2018-09-24T14:27:52+00:00","og_image":[{"width":520,"height":470,"url":"https:\/\/www.2pedp.com\/wp-content\/uploads\/2016\/10\/elig.jpg","type":"image\/jpeg"}],"author":"Tomi Bequet","twitter_card":"summary_large_image","twitter_misc":{"\u00c9crit par":"Tomi Bequet","Dur\u00e9e de lecture estim\u00e9e":"1 minute"},"schema":{"@context":"https:\/\/schema.org","@graph":[{"@type":"WebPage","@id":"https:\/\/www.2pedp.com\/fr\/2016\/11\/intervention-delizabeth-de-portzamparc-lors-de-la-conference-elig-learning-places-of-the-future-le-3-novembre-2016\/","url":"https:\/\/www.2pedp.com\/fr\/2016\/11\/intervention-delizabeth-de-portzamparc-lors-de-la-conference-elig-learning-places-of-the-future-le-3-novembre-2016\/","name":"Intervention d'Elizabeth de Portzamparc lors de la conf\u00e9rence ELIG - Learning Places of the Future le 3 novembre 2016 - Elizabeth de Portzamparc","isPartOf":{"@id":"https:\/\/www.2pedp.com\/fr\/#website"},"datePublished":"2016-11-03T09:50:31+00:00","dateModified":"2018-09-24T14:27:52+00:00","author":{"@id":"https:\/\/www.2pedp.com\/fr\/#\/schema\/person\/7b9b4b4d9a6852516c5ab826145d5df4"},"breadcrumb":{"@id":"https:\/\/www.2pedp.com\/fr\/2016\/11\/intervention-delizabeth-de-portzamparc-lors-de-la-conference-elig-learning-places-of-the-future-le-3-novembre-2016\/#breadcrumb"},"inLanguage":"fr-FR","potentialAction":[{"@type":"ReadAction","target":["https:\/\/www.2pedp.com\/fr\/2016\/11\/intervention-delizabeth-de-portzamparc-lors-de-la-conference-elig-learning-places-of-the-future-le-3-novembre-2016\/"]}]},{"@type":"BreadcrumbList","@id":"https:\/\/www.2pedp.com\/fr\/2016\/11\/intervention-delizabeth-de-portzamparc-lors-de-la-conference-elig-learning-places-of-the-future-le-3-novembre-2016\/#breadcrumb","itemListElement":[{"@type":"ListItem","position":1,"name":"Accueil","item":"https:\/\/www.2pedp.com\/fr\/"},{"@type":"ListItem","position":2,"name":"Intervention d&rsquo;Elizabeth de Portzamparc lors de la conf\u00e9rence ELIG &#8211; Learning Places of the Future le 3 novembre 2016"}]},{"@type":"WebSite","@id":"https:\/\/www.2pedp.com\/fr\/#website","url":"https:\/\/www.2pedp.com\/fr\/","name":"Elizabeth de Portzamparc","description":"","potentialAction":[{"@type":"SearchAction","target":{"@type":"EntryPoint","urlTemplate":"https:\/\/www.2pedp.com\/fr\/?s={search_term_string}"},"query-input":"required name=search_term_string"}],"inLanguage":"fr-FR"},{"@type":"Person","@id":"https:\/\/www.2pedp.com\/fr\/#\/schema\/person\/7b9b4b4d9a6852516c5ab826145d5df4","name":"Tomi Bequet","image":{"@type":"ImageObject","inLanguage":"fr-FR","@id":"https:\/\/www.2pedp.com\/fr\/#\/schema\/person\/image\/","url":"https:\/\/secure.gravatar.com\/avatar\/537d847418b1b30b416c0500c369e0ad?s=96&d=mm&r=g","contentUrl":"https:\/\/secure.gravatar.com\/avatar\/537d847418b1b30b416c0500c369e0ad?s=96&d=mm&r=g","caption":"Tomi Bequet"},"url":"https:\/\/www.2pedp.com\/fr\/author\/studiotomi\/"}]}},"_links":{"self":[{"href":"https:\/\/www.2pedp.com\/fr\/wp-json\/wp\/v2\/posts\/4971"}],"collection":[{"href":"https:\/\/www.2pedp.com\/fr\/wp-json\/wp\/v2\/posts"}],"about":[{"href":"https:\/\/www.2pedp.com\/fr\/wp-json\/wp\/v2\/types\/post"}],"author":[{"embeddable":true,"href":"https:\/\/www.2pedp.com\/fr\/wp-json\/wp\/v2\/users\/8"}],"replies":[{"embeddable":true,"href":"https:\/\/www.2pedp.com\/fr\/wp-json\/wp\/v2\/comments?post=4971"}],"version-history":[{"count":23,"href":"https:\/\/www.2pedp.com\/fr\/wp-json\/wp\/v2\/posts\/4971\/revisions"}],"predecessor-version":[{"id":8285,"href":"https:\/\/www.2pedp.com\/fr\/wp-json\/wp\/v2\/posts\/4971\/revisions\/8285"}],"wp:featuredmedia":[{"embeddable":true,"href":"https:\/\/www.2pedp.com\/fr\/wp-json\/wp\/v2\/media\/4970"}],"wp:attachment":[{"href":"https:\/\/www.2pedp.com\/fr\/wp-json\/wp\/v2\/media?parent=4971"}],"wp:term":[{"taxonomy":"category","embeddable":true,"href":"https:\/\/www.2pedp.com\/fr\/wp-json\/wp\/v2\/categories?post=4971"},{"taxonomy":"post_tag","embeddable":true,"href":"https:\/\/www.2pedp.com\/fr\/wp-json\/wp\/v2\/tags?post=4971"}],"curies":[{"name":"wp","href":"https:\/\/api.w.org\/{rel}","templated":true}]}}